{"id":2090,"date":"2021-11-17T11:37:25","date_gmt":"2021-11-17T10:37:25","guid":{"rendered":"http:\/\/amisduchateau.fr\/sacm\/?p=2090"},"modified":"2022-03-11T20:23:04","modified_gmt":"2022-03-11T19:23:04","slug":"laffaire-des-bijoux-de-la-mome-moineau","status":"publish","type":"post","link":"https:\/\/amisduchateau.fr\/sacm\/laffaire-des-bijoux-de-la-mome-moineau\/","title":{"rendered":"L\u2019AFFAIRE DES BIJOUX DE LA \u00ab M\u00d4ME MOINEAU \u00bb"},"content":{"rendered":"\n<h3 class=\"has-text-align-center wp-block-heading\">Jacques Marec<\/h3>\n\n\n\n<p><\/p>\n\n\n\n<p>Un cambriolage survenu le vendredi 5 janvier 1947 \u00e0 Maisons-Laffitte fait la une de tous les journaux. Un journal \u00e0 grand tirage annonce m\u00eame en gros titre : \u00ab LE VOL DU SI\u0400CLE \u00bb.<\/p>\n\n\n\n<p>La M\u00f4me Moineau, ancienne artiste de music-hall, devenue apr\u00e8s son mariage l\u2019une des femmes les plus riches du monde, est victime d\u2019un vol d\u2019argent et de bijoux pour une valeur de 85 millions de francs. Cette affaire rev\u00eat un caract\u00e8re sensationnel en raison de la notori\u00e9t\u00e9 de la victime et de l\u2019importance du pr\u00e9judice. Elle donne lieu \u00e0 une enqu\u00eate minutieuse qui permettra de retrouver les auteurs du cambriolage, de les traduire en justice et de les condamner. Mais le d\u00e9roulement de ce cambriolage conservera malgr\u00e9 cela, et pendant longtemps, un c\u00f4t\u00e9 \u00e9nigmatique et myst\u00e9rieux.<\/p>\n\n\n\n<h2 class=\"wp-block-heading\">I. La \u00ab M\u00f4me Moineau \u00bb<\/h2>\n\n\n\n<p>C\u2019est une petite vendeuse de fleurs des rues de Paris, sortie de la mis\u00e8re, et qui aura connu un destin hors du commun.<br>Pour l\u2019\u00e9tat civil, elle s\u2019appelle Lucienne Dhotelle, n\u00e9e \u00e0 Reims le 15 janvier 1908. La petite Lucienne vit avec ses parents dans une roulotte de bois tir\u00e9e par un vieux cheval. Ils errent ainsi de ville en ville en proposant quelques services artisanaux pour assurer leur subsistance. Cette vie itin\u00e9rante les m\u00e8ne d\u2019abord de Reims vers Laon, Saint-Quentin ou Amiens puis vers des communes proches de Paris.<\/p>\n\n\n\n<div class=\"wp-block-image\"><figure class=\"aligncenter size-full\"><img decoding=\"async\" src=\"http:\/\/amisduchateau.fr\/sacm\/wp-content\/uploads\/2021\/11\/05-Illustration-01.jpg\" alt=\"\" class=\"wp-image-2091\"\/><\/figure><\/div>\n\n\n\n<p>Consid\u00e9r\u00e9s comme des romanichels et suscitant souvent m\u00e9fiance ou hostilit\u00e9, ils se sentent rejet\u00e9s et ne restent jamais longtemps dans une m\u00eame commune. Chaque ann\u00e9e, ils pr\u00e9f\u00e8rent s\u2019arr\u00eater et stationner plus longtemps \u00e0 Saint-Ouen favoris\u00e9 par l\u2019activit\u00e9 du march\u00e9 aux puces. Ils installent alors leur roulotte dans la plaine des Malassis, sorte de \u00ab bidonville \u00bb situ\u00e9 derri\u00e8re les \u00ab fortifications \u00bb.<\/p>\n\n\n\n<div class=\"wp-block-image\"><figure class=\"aligncenter size-full\"><img decoding=\"async\" src=\"http:\/\/amisduchateau.fr\/sacm\/wp-content\/uploads\/2021\/11\/05-Illustration-02.jpg\" alt=\"\" class=\"wp-image-2092\"\/><\/figure><\/div>\n\n\n\n<p>Lorsque ses parents se s\u00e9parent, Lucienne et sa m\u00e8re restent toutes les deux \u00e0 Saint-Ouen dans la roulotte. Mais bient\u00f4t sa m\u00e8re adopte la petite fille d\u2019une voisine et amie qui vient de d\u00e9c\u00e9der : la jeune N\u00e9nette. Lucienne et N\u00e9nette, comme deux petites s\u0153urs presque du m\u00eame \u00e2ge, grandissent et jouent ensemble. D\u00e8s l\u2019\u00e2ge de 10 ans, elles doivent ramener chaque jour un peu d\u2019argent. Elles vont alors se mettre \u00e0 vendre des fleurs dans les rues de Paris, mais aussi \u00e0 mendier et parfois \u00e0 commettre de petits vols. Elles se d\u00e9cident ensuite \u00e0 chanter dans les rues devant les terrasses des caf\u00e9s.<\/p>\n\n\n\n<p>Lucienne est d\u00e9j\u00e0 remarqu\u00e9e avec sa gouaille, son argot parisien et son accent des faubourgs. Elle se distingue par la libert\u00e9 qu\u2019elle prend avec les conventions et son irrespect envers ceux qu\u2019elle interpelle dans la rue. Mais on l\u2019aime pour ce naturel un peu sauvage. On l\u2019a tr\u00e8s t\u00f4t surnomm\u00e9e la \u00ab M\u00f4me Moineau \u00bb.<\/p>\n\n\n\n<a name=\"Retour1\"><\/a>\n\n\n\n<p>Le 2 novembre 1923, Lucienne a 15 ans. Elle vend des fleurs sur les Champs-\u00c9lys\u00e9es \u00e0 proximit\u00e9 de ce caf\u00e9 appel\u00e9 Fouquet<sup><a href=\"#Note1\" data-type=\"internal\">[1]<\/a><\/sup>. Une voiture de luxe conduite par un chauffeur de ma\u00eetre s\u2019arr\u00eate devant elle. C\u2019est celle de Paul Poiret, grand couturier. Il lui ach\u00e8te imm\u00e9diatement la totalit\u00e9 de ses fleurs. Il lui proposera m\u00eame de participer \u00e0 une soir\u00e9e festive et de chanter devant ses amis. Peu de temps apr\u00e8s, il l\u2019embauchera comme mannequin pour sa collection de printemps.<\/p>\n\n\n\n<p>Grace aux relations de Paul Poiret, elle est engag\u00e9e par la suite comme chanteuse au cabaret \u00ab <em>Chez Fischer<\/em> \u00bb puis dans d\u2019autres \u00e9tablissements du quartier de Montmartre. Son succ\u00e8s lui ouvre en novembre 1924 les portes de l\u2019Olympia o\u00f9 elle se produit dans un spectacle dont la t\u00eate d\u2019affiche est la grande Fr\u00e9hel.<\/p>\n\n\n\n<div class=\"wp-block-columns are-vertically-aligned-center is-layout-flex wp-container-core-columns-is-layout-9d6595d7 wp-block-columns-is-layout-flex\">\n<div class=\"wp-block-column is-vertically-aligned-center is-layout-flow wp-block-column-is-layout-flow\" style=\"flex-basis:100%\">\n<div class=\"wp-block-columns is-layout-flex wp-container-core-columns-is-layout-9d6595d7 wp-block-columns-is-layout-flex\">\n<div class=\"wp-block-column is-vertically-aligned-center is-layout-flow wp-block-column-is-layout-flow\" style=\"flex-basis:50%\">\n<div class=\"wp-block-image\"><figure class=\"alignleft size-full is-resized\"><img loading=\"lazy\" decoding=\"async\" src=\"http:\/\/amisduchateau.fr\/sacm\/wp-content\/uploads\/2021\/11\/05-Illustration-03.jpg\" alt=\"\" class=\"wp-image-2093\" width=\"343\" height=\"509\"\/><\/figure><\/div>\n<\/div>\n\n\n\n<div class=\"wp-block-column is-vertically-aligned-center is-layout-flow wp-block-column-is-layout-flow\" style=\"flex-basis:50%\">\n<div class=\"wp-block-image\"><figure class=\"alignright size-full is-resized\"><img loading=\"lazy\" decoding=\"async\" src=\"http:\/\/amisduchateau.fr\/sacm\/wp-content\/uploads\/2021\/11\/05-Illustration-04.jpg\" alt=\"\" class=\"wp-image-2094\" width=\"406\" height=\"508\"\/><\/figure><\/div>\n<\/div>\n<\/div>\n<\/div>\n<\/div>\n\n\n\n<p>Entre cabarets et music-halls, la M\u00f4me Moineau s\u2019est lanc\u00e9e dans une carri\u00e8re de chanteuse populaire qui lui assure rapidement la fortune et qui aura transform\u00e9 sa vie. Elle acquiert \u00e0 18 ans un h\u00f4tel particulier \u00e0 Paris dans le quartier des Batignolles o\u00f9 elle s\u2019installe avec sa s\u0153ur N\u00e9nette. Elle m\u00e8ne grand train. Elle se pare de nombreux bijoux.<br>De succ\u00e8s en succ\u00e8s en France, la M\u00f4me Moineau finit par \u00eatre connue jusqu\u2019aux Etats-Unis. Elle est engag\u00e9e \u00e0 plusieurs reprises dans des spectacles musicaux ou burlesques \u00e0 Broadway.<\/p>\n\n\n\n<a name=\"Retour2\"><\/a>\n\n\n\n<p>En 1928, la M\u00f4me Moineau est \u00e2g\u00e9e de 20 ans. Elle se produit \u00e0 Broadway dans un spectacle intitul\u00e9 Le Lido de Paris. C\u2019est \u00e0 cette occasion qu\u2019elle fait la rencontre de F\u00e9lix Benitez Rexach, qui avait assist\u00e9 \u00e0 son spectacle et qui avait \u00e9t\u00e9 imm\u00e9diatement s\u00e9duit par la beaut\u00e9 et le charme de cette jeune artiste.<sup><a href=\"#Notes\">[2]<\/a><\/sup> Quelques mois plus tard elle devient l\u2019\u00e9pouse de F\u00e9lix.<\/p>\n\n\n\n<div class=\"wp-block-image\"><figure class=\"aligncenter size-large\"><img decoding=\"async\" src=\"http:\/\/amisduchateau.fr\/sacm\/wp-content\/uploads\/2021\/11\/05-Illustration-05-1024x707.jpg\" alt=\"\" class=\"wp-image-2095\"\/><\/figure><\/div>\n\n\n\n<p>F\u00e9lix Benitez Rexach est \u00e2g\u00e9 de 42 ans. Il est originaire de Porto Rico. C\u2019est un ing\u00e9nieur et un industriel. Il est \u00e0 la t\u00eate d\u2019une entreprise importante de travaux de g\u00e9nie civil. Apr\u00e8s avoir \u00e9t\u00e9 le grand b\u00e2tisseur de Porto Rico, son entreprise a obtenu des contrats tr\u00e8s importants pour la reconstruction des ports de Saint-Domingue apr\u00e8s un cyclone. Il est l\u2019ami du pr\u00e9sident-dictateur de Saint-Domingue, Rafael Trujillo Molina. Celui-ci l\u2019a favoris\u00e9 en lui permettant d\u2019obtenir de nombreux contrats. F\u00e9lix Benitez Rexach est multimilliardaire.<\/p>\n\n\n\n<p>Pourtant, en 1929, \u00e0 la suite du krach de Wall Street, F\u00e9lix Benitez Rexach est presque ruin\u00e9. C\u2019est alors que son \u00e9pouse, la M\u00f4me Moineau, a un geste que F\u00e9lix n\u2019oubliera jamais. Elle lui remet tous ses bijoux afin qu\u2019il les revende. La vente de ces bijoux pour 9 millions de dollars permet \u00e0 F\u00e9lix d\u2019honorer les \u00e9ch\u00e9ances les plus urgentes et de reprendre l\u2019activit\u00e9 de son entreprise. Il pourra ainsi r\u00e9tablir sa situation et redevenir un homme extr\u00eamement riche qui ne cessera de couvrir sa femme de bijoux, d\u2019or et de diamants.<\/p>\n\n\n\n<a name=\"Retour3\"><\/a>\n\n\n\n<p>D\u00e8s son mariage, la M\u00f4me Moineau a abandonn\u00e9 sa carri\u00e8re de chanteuse. Elle partage sa vie entre Porto Rico, Saint-Domingue et la France o\u00f9 elle dispose d\u2019une r\u00e9sidence \u00e0 Maisons-Laffitte, la villa Carmen<sup><a href=\"#Notes\" data-type=\"internal\" data-id=\"#Notes\">[3]<\/a><\/sup>, puis d\u2019une seconde r\u00e9sidence \u00e0 Cannes, l\u2019imposante villa Bagatelle. Elle vit dans le plus grand luxe. Elle dispose notamment de plusieurs voitures de luxe, d\u2019un yacht et d\u2019un avion personnel.<\/p>\n\n\n\n<div class=\"wp-block-image\"><figure class=\"aligncenter size-large\"><img decoding=\"async\" src=\"http:\/\/amisduchateau.fr\/sacm\/wp-content\/uploads\/2021\/11\/05-Illustration-06-1024x950.jpg\" alt=\"\" class=\"wp-image-2096\"\/><\/figure><\/div>\n\n\n\n<a name=\"Retour4\"><\/a>\n\n\n\n<p>Le lien privil\u00e9gi\u00e9 de F\u00e9lix Benitez Rexach avec le pr\u00e9sident-dictateur dominicain Trujillo permet \u00e0 son \u00e9pouse de faire partie du corps diplomatique. Madame Benitez Rexach est ainsi nomm\u00e9e attach\u00e9e culturelle de la R\u00e9publique dominicaine en France ; nomination surprenante pour une personne n\u2019ayant jamais fait d\u2019\u00e9tudes et assez peu cultiv\u00e9e.<sup><a href=\"#Notes\">[4]<\/a><\/sup><\/p>\n\n\n\n<p>\u00c0 partir de 1936, la M\u00f4me Moineau s\u00e9journe une partie de l\u2019ann\u00e9e \u00e0 Maisons-Laffitte dans sa magnifique villa. Celle-ci se situe dans le parc, non loin de l\u2019hippodrome, \u00e0 l\u2019angle de l\u2019avenue Charlemagne et de l\u2019avenue Destouches.<\/p>\n\n\n\n<p>C\u2019est une superbe villa de deux \u00e9tages (et de vingt pi\u00e8ces) sur un terrain de plus de deux hectares. L\u2019am\u00e9nagement int\u00e9rieur est luxueux :<\/p>\n\n\n\n<div class=\"wp-block-image\"><figure class=\"aligncenter size-large\"><img decoding=\"async\" src=\"http:\/\/amisduchateau.fr\/sacm\/wp-content\/uploads\/2021\/11\/05-Illustration-07-bis-1024x724.jpg\" alt=\"\" class=\"wp-image-2097\"\/><\/figure><\/div>\n\n\n\n<a name=\"Retour5\"><\/a>\n\n\n\n<p><em>\u00ab Elle s\u2019\u00e9tait fait installer une baignoire qu\u2019elle avait fait mouler \u00e0 m\u00eame le corps, comme la lunette des toilettes. Toutes les robinetteries, les poign\u00e9es de portes et serrures \u00e9taient couvertes d\u2019une triple couche d\u2019or fin, les sols et les escaliers \u00e9taient en marbre de Carrare, les lustres en cristal de Baccarat. \u00bb<\/em><sup><a href=\"#Notes\">[5]<\/a><\/sup><\/p>\n\n\n\n<p>L\u2019achat de cette villa serait la r\u00e9alisation d\u2019un r\u00eave d\u2019enfance ; la roulotte de sa m\u00e8re s\u2019\u00e9tait arr\u00eat\u00e9e et avait s\u00e9journ\u00e9 quelquefois \u00e0 Maisons-Laffitte.<\/p>\n\n\n\n<a name=\"Retour6\"><\/a>\n\n\n\n<p>La M\u00f4me Moineau passait ainsi plusieurs mois de l\u2019ann\u00e9e \u00e0 Maisons-Laffitte, dans sa villa. Elle laissait son mari F\u00e9lix \u00e0 Porto Rico s\u2019occuper de ses affaires et de ses chantiers de construction. La villa Carmen \u00e9tait pour elle un lieu de f\u00eate et de r\u00e9union avec ses amis fran\u00e7ais. Il s\u2019agissait toujours de f\u00eates tr\u00e8s joyeuses et bien arros\u00e9es avec une bande d\u2019amis du milieu du spectacle<sup><a href=\"#Notes\">[6]<\/a><\/sup>. La M\u00f4me Moineau menait souvent dans cette villa une vie extravagante et d\u00e9brid\u00e9e. Les f\u00eates qu\u2019elle organisait \u00e9taient fr\u00e9quentes, anim\u00e9es et bruyantes au point que ses voisins en \u00e9taient exc\u00e9d\u00e9s.<\/p>\n\n\n\n<p>En juin 1940, apr\u00e8s la d\u00e9faite et le d\u00e9but de l\u2019occupation allemande, la M\u00f4me Moineau pr\u00e9f\u00e8re quitter la France pour rejoindre Porto Rico. \u00c0 son retour en 1945, apr\u00e8s la guerre, elle retrouve la villa Carmen mais celle-ci a \u00e9t\u00e9 enti\u00e8rement pill\u00e9e et d\u00e9grad\u00e9e.<\/p>\n\n\n\n<h2 class=\"wp-block-heading\">II. Le vol des bijoux<\/h2>\n\n\n\n<p>La villa Carmen est presque inhabitable compte tenu des d\u00e9gradations dont elle a \u00e9t\u00e9 l\u2019objet pendant la guerre. Il est indispensable d\u2019effectuer des travaux importants de r\u00e9paration et de remise en \u00e9tat. Ces travaux seront r\u00e9alis\u00e9s au dernier trimestre de l\u2019ann\u00e9e 1946 et jusqu\u2019au d\u00e9but de l\u2019ann\u00e9e 1947. Durant cette p\u00e9riode, la M\u00f4me Moineau a trouv\u00e9 un h\u00e9bergement provisoire \u00e0 l\u2019h\u00f4tel de la Vieille Fontaine, avenue Gr\u00e9try \u00e0 Maisons-Laffitte. Elle s\u2019y est install\u00e9e avec sa s\u0153ur N\u00e9nette et son beau-fils Gilberto.<\/p>\n\n\n\n<div class=\"wp-block-image\"><figure class=\"aligncenter size-large\"><img decoding=\"async\" src=\"http:\/\/amisduchateau.fr\/sacm\/wp-content\/uploads\/2021\/11\/05-Illustration-08-1024x663.jpg\" alt=\"\" class=\"wp-image-2098\"\/><\/figure><\/div>\n\n\n\n<p>Le vendredi 5 janvier 1947, vers 21 h, la M\u00f4me Moineau, sa s\u0153ur et son beau-fils quittent l\u2019h\u00f4tel de la Vieille Fontaine pour aller d\u00eener ensemble au restaurant \u00ab La Roseraie \u00bb situ\u00e9 seulement \u00e0 quelques minutes \u00e0 pied. Selon leurs habitudes, ils prennent un repas bien arros\u00e9 au champagne. Ils s\u2019attardent assez longtemps au restaurant. Enfin, vers deux heures du matin, ils se d\u00e9cident \u00e0 partir pour regagner leur h\u00f4tel. Ils occupaient trois chambres au deuxi\u00e8me \u00e9tage. Compte tenu de ce retour \u00e0 une heure tardive, il est probable que tous les clients de l\u2019h\u00f4tel devaient dormir. Tout \u00e0 coup on entend pousser un hurlement et des cris qui ont certainement r\u00e9veill\u00e9 tout l\u2019h\u00f4tel. Ces cris provenaient de la chambre n\u00b0 8, celle occup\u00e9e pr\u00e9cis\u00e9ment par la M\u00f4me Moineau. Les patrons de l\u2019h\u00f4tel, M. et Mme Frolich, les employ\u00e9s de l\u2019h\u00f4tel, et m\u00eame plusieurs clients, se pr\u00e9cipitent vers la chambre n\u00b0 8. Et l\u00e0 ils d\u00e9couvrent avec stup\u00e9faction Mme Benitez Reixach en pleurs leur expliquant que sa chambre a \u00e9t\u00e9 cambriol\u00e9e et que ses bijoux et son argent ont disparu pendant son absence.<\/p>\n\n\n\n<p>La police aussit\u00f4t alert\u00e9e arrive sur place en moins de 30 mn.<\/p>\n\n\n\n<p>La M\u00f4me Moineau leur d\u00e9clare qu\u2019un coffret surmont\u00e9 d\u2019un moineau en or lui a \u00e9t\u00e9 d\u00e9rob\u00e9 dans sa chambre d\u2019h\u00f4tel. Celui-ci renfermait son argent et ses bijoux. Il avait \u00e9t\u00e9 plac\u00e9 dans une valise en crocodile rouge dont la serrure a \u00e9t\u00e9 forc\u00e9e.<\/p>\n\n\n\n<div class=\"wp-block-image\"><figure class=\"aligncenter size-large is-resized\"><img loading=\"lazy\" decoding=\"async\" src=\"http:\/\/amisduchateau.fr\/sacm\/wp-content\/uploads\/2021\/11\/05-Illustration-09-824x1024.jpg\" alt=\"\" class=\"wp-image-2099\" width=\"556\" height=\"691\"\/><\/figure><\/div>\n\n\n\n<p>Elle d\u00e9taille avec pr\u00e9cision le contenu de ce coffret :<\/p>\n\n\n\n<ul class=\"wp-block-list\"><li>40 millions en billets de banque<\/li><li>deux carnets de ch\u00e8ques de voyages pour un montant de 10 000 dollars<\/li><li>deux bracelets en platine<\/li><li>un clip en platine assorti<\/li><li>un collier de perles fines \u00e0 cinq rangs<\/li><li>plusieurs bagues<\/li><li>plusieurs paires de boucles d\u2019oreille<\/li><li>plusieurs broches<\/li><\/ul>\n\n\n\n<a name=\"Retour7\"><\/a>\n\n\n\n<p>La M\u00f4me Moineau insiste devant la police sur le fait que ces bijoux sont tous de tr\u00e8s grande valeur et proviennent des plus grands joailliers. Elle estime que le montant du pr\u00e9judice s\u2019\u00e9l\u00e8ve pour elle \u00e0 85 millions de francs.<sup><a href=\"#Notes\">[7]<\/a><\/sup> Elle justifie ce chiffre par le fait que son mari, Felix Benitez Rexach, homme tr\u00e8s organis\u00e9, avait constitu\u00e9 depuis longtemps un dossier dans lequel \u00e9taient r\u00e9pertori\u00e9s tous les bijoux de son \u00e9pouse. Il avait pr\u00e9cis\u00e9 la valeur de chacune des pi\u00e8ces avec facture d\u2019achat \u00e0 l\u2019appui. Il avait pris soin de faire photographier chaque bijou. Ce dossier permettait d\u2019estimer imm\u00e9diatement le montant des bijoux vol\u00e9s et de servir de preuve, le cas \u00e9ch\u00e9ant, aupr\u00e8s de sa compagnie d\u2019assurances.<\/p>\n\n\n\n<p>Sans doute \u00e9tait-ce une grave imprudence et une singuli\u00e8re inconscience que d\u2019avoir laiss\u00e9 un ensemble de bijoux d\u2019une telle valeur et une somme d\u2019argent aussi importante dans une chambre d\u2019h\u00f4tel dont la porte n\u2019\u00e9tait ferm\u00e9e que par une serrure tr\u00e8s simple. De plus, les cl\u00e9s des chambres \u00e0 la r\u00e9ception \u00e9taient facilement accessibles sur un tableau par les clients de l\u2019h\u00f4tel eux-m\u00eames.<\/p>\n\n\n\n<p>La M\u00f4me Moineau s\u2019est montr\u00e9e d\u2019autant plus imprudente qu\u2019elle avait souvent tendance, malgr\u00e9 les recommandations qui lui \u00e9taient faites, \u00e0 exhiber ses bijoux ou ses liasses de billets un peu partout et devant n\u2019importe qui, dans tous ses d\u00e9placements et m\u00eame lors de ses sorties nocturnes, y compris \u00e0 Paris dans des quartiers comme Pigalle ou Montmartre.<\/p>\n\n\n\n<p>La nouvelle du cambriolage s\u2019\u00e9tale d\u00e8s le lendemain \u00e0 la \u00ab une \u00bb de tous les journaux avec notamment en gros titres :<\/p>\n\n\n\n<div class=\"wp-block-image\"><figure class=\"aligncenter size-full is-resized\"><img loading=\"lazy\" decoding=\"async\" src=\"http:\/\/amisduchateau.fr\/sacm\/wp-content\/uploads\/2021\/11\/05-Illustration-10.png\" alt=\"\" class=\"wp-image-2100\" width=\"699\" height=\"106\"\/><\/figure><\/div>\n\n\n\n<div class=\"wp-block-image\"><figure class=\"aligncenter size-full\"><img decoding=\"async\" src=\"http:\/\/amisduchateau.fr\/sacm\/wp-content\/uploads\/2021\/11\/05-Illustration-11.png\" alt=\"\" class=\"wp-image-2101\"\/><\/figure><\/div>\n\n\n\n<ul class=\"wp-block-list\"><li><strong>\u00ab LE VOL DU SI\u0400CLE \u00bb<\/strong><\/li><li><strong>\u00ab 85 MILLIONS VOL\u00c9S \u00c0 LA M\u00d4ME MOINEAU \u00bb<\/strong><\/li><li><strong>\u00ab LA M\u00d4ME MOINEAU PERD 85 MILLIONS MAIS GARDE LE SOURIRE \u00bb<\/strong><\/li><li><strong>\u00ab LES BIJOUX DU MOINEAU S\u2019ENVOLENT \u00bb<\/strong><\/li><\/ul>\n\n\n\n<p>Les journaux publient m\u00eame la liste de ce qui lui a \u00e9t\u00e9 vol\u00e9.<\/p>\n\n\n\n<p>Le lundi suivant le vol, la M\u00f4me Moineau donne une conf\u00e9rence de presse \u00e0 l\u2019h\u00f4tel de la Vieille Fontaine, dans la grande salle de r\u00e9ception. Tous les journaux \u00e0 grand tirage sont pr\u00e9sents : France-Soir, Le Parisien, L\u2019Aurore, L\u2019Humanit\u00e9\u2026 Elle offre un buffet campagnard et m\u00eame le champagne \u00e0 tous les journalistes et photographes pr\u00e9sents. Elle les re\u00e7oit avec le sourire, se pr\u00eate \u00e0 des s\u00e9ances de photos, et elle leur raconte ce qui lui est arriv\u00e9. Elle r\u00e9pond \u00e0 toutes leurs questions avec beaucoup de bonne humeur. Devant l\u2019importance du pr\u00e9judice financier elle leur dira spontan\u00e9ment :<\/p>\n\n\n\n<p><em>\u00ab Heureusement que j\u2019n\u2019ai pas que \u00e7a pour vivre \u00bb.<\/em><\/p>\n\n\n\n<p>Cette remarque fera le titre d\u2019un article de journal.<\/p>\n\n\n\n<p>\u00c0 un journaliste qui lui reprochait son imprudence et sa l\u00e9g\u00e8ret\u00e9 et qui en concluait qu\u2019elle ne devait s\u2019en prendre qu\u2019\u00e0 elle-m\u00eame, elle r\u00e9pond :<\/p>\n\n\n\n<p><em>\u00ab Plaie d\u2019argent n\u2019est pas mortelle, la preuve j\u2019suis vivante, parce que j\u2019ai connu la d\u00e8che dans l\u2019temps. Et puis s\u2019y faut, j\u2019rach\u00e8terai d\u2019autres bijoux, plus chers encore ! \u00bb.<\/em><\/p>\n\n\n\n<p>Cette rencontre avec les journalistes lui offre un regain de c\u00e9l\u00e9brit\u00e9 qui n\u2019est pas pour lui d\u00e9plaire.<br>Un autre journal titre :<\/p>\n\n\n\n<p><strong>\u00ab La M\u00f4me Moineau perd 85 millions et retrouve la vedette \u00bb<\/strong><\/p>\n\n\n\n<p>et pr\u00e9cise : \u00ab \u2026la d\u00e9ception pass\u00e9e pour ses 85 millions vol\u00e9s, celle-ci est compens\u00e9e par la joie d\u2019une c\u00e9l\u00e9brit\u00e9 si ch\u00e8rement retrouv\u00e9e \u00bb.<\/p>\n\n\n\n<p>La M\u00f4me Moineau promet une r\u00e9compense \u00ab royale \u00bb \u00e0 qui pourrait donner des indications qui permettraient de retrouver le voleur des bijoux et de l\u2019argent. Elle donne m\u00eame son num\u00e9ro de t\u00e9l\u00e9phone personnel : le 178 \u00e0 Maisons-Laffitte.<\/p>\n\n\n\n<p>Celle-ci a d\u2019ailleurs tendance devant les journalistes \u00e0 se r\u00e9pandre en commentaires et sp\u00e9culations sur l\u2019enqu\u00eate qui vient de commencer, donnant publiquement son avis sur les pistes de recherche. Ce qui commence \u00e0 contrarier les services de police.<\/p>\n\n\n\n<p>Pendant plusieurs jours, l\u2019affaire des bijoux de la M\u00f4me Moineau aura fait la \u00ab une \u00bb de tous les journaux. Ceux-ci suivront aussi les progr\u00e8s de l\u2019enqu\u00eate pour retrouver le ou les voleurs.<\/p>\n\n\n\n<p>Ce vol de bijoux \u00e9tait presque une affaire pouvant avoir des cons\u00e9quences diplomatiques puisque Madame B\u00e9nitez Rexach faisait partie du corps diplomatique en tant qu\u2019attach\u00e9e culturelle de la R\u00e9publique dominicaine, (comme indiqu\u00e9 plus haut). De plus, son mari, Monsieur F\u00e9lix B\u00e9nitez Rexach, qui \u00e9tait un proche du pr\u00e9sident Trujillo, avait m\u00eame ses entr\u00e9es \u00e0 la Maison Blanche. Il rencontrait r\u00e9guli\u00e8rement le pr\u00e9sident Truman.<\/p>\n\n\n\n<h2 class=\"wp-block-heading\">III. L\u2019enqu\u00eate<\/h2>\n\n\n\n<p>Le personnel de l\u2019h\u00f4tel est assez vite mis hors de cause et en particulier H\u00e9l\u00e8ne, la femme de chambre. L\u2019enqu\u00eate va s\u2019orienter d\u2019abord sur la piste d\u2019un homme qui avait lou\u00e9 la chambre n\u00b04 \u00e0 l\u2019h\u00f4tel de la Vieille Fontaine. Il avait d\u00e9clar\u00e9 sur sa fiche d\u2019h\u00f4tel s\u2019appeler Louis Petit, \u00eatre commer\u00e7ant et domicili\u00e9 \u00e0 Paris rue Danr\u00e9mont. Apr\u00e8s v\u00e9rification le nom et l\u2019adresse se sont r\u00e9v\u00e9l\u00e9s faux.<\/p>\n\n\n\n<p>Deux autres pistes ont \u00e9t\u00e9 envisag\u00e9es :<\/p>\n\n\n\n<a name=\"Retour8\"><\/a><a name=\"Retour9\"><\/a>\n\n\n\n<ul class=\"wp-block-list\"><li>Celle du mari de N\u00e9nette<sup><a href=\"#Notes\">[8]<\/a><\/sup> qui serait r\u00e9cemment sorti de prison et qui aurait \u00e9t\u00e9 aper\u00e7u \u00e0 Maisons-Laffitte dans les jours qui ont pr\u00e9c\u00e9d\u00e9 le vol.<\/li><li>Celle de Michel Garcia<sup><a href=\"#Notes\">[9]<\/a><\/sup>, demi-fr\u00e8re de la M\u00f4me Moineau.<\/li><\/ul>\n\n\n\n<p>En effet, dans sa d\u00e9position, la M\u00f4me Moineau, avec ses mots et son franc-parler, les d\u00e9signent tous les deux comme les \u00ab cerveaux \u00bb de ce cambriolage :<\/p>\n\n\n\n<p><em>Mon demi-fr\u00e8re qui demeure 57, rue Hoche \u00e0 Houilles est venu ici \u00e0 l\u2019h\u00f4tel il y a quelques jours, pour me harceler et m\u2019extorquer de l\u2019argent. J\u2019l\u2019ai bien entendu envoy\u00e9 s\u2019faire foutre, et comme il ne d\u00e9carrait pas, j\u2019ai appel\u00e9 la police. Lui et l\u2019mari de N\u00e9nette c\u2019est des ordures, des bons \u00e0 rien, des graines de voyou. Ils savaient tous deux que je gardais des bijoux et d\u2019la fra\u00eeche dans ma chambre\u2026<\/em><\/p>\n\n\n\n<p><em>D\u2019ailleurs j\u2019suis certaine que c\u2019est Michel Garcia qui, profitant de la guerre, et nous sachant en Am\u00e9rique pour un temps, est venu cambrioler la villa Carmen. C\u2019est un charognard !<\/em><\/p>\n\n\n\n<p>Les soup\u00e7ons exprim\u00e9s par la M\u00f4me Moineau n\u2019\u00e9taient pas fond\u00e9s. Le mari de N\u00e9nette n\u2019\u00e9tait pas encore sorti de prison et Michel Garcia avait un alibi v\u00e9rifi\u00e9 et inattaquable.<\/p>\n\n\n\n<a name=\"Retour10\"><\/a>\n\n\n\n<div class=\"wp-block-columns is-layout-flex wp-container-core-columns-is-layout-9d6595d7 wp-block-columns-is-layout-flex\">\n<div class=\"wp-block-column is-layout-flow wp-block-column-is-layout-flow\" style=\"flex-basis:40%\">\n<figure class=\"wp-block-image size-large\"><img decoding=\"async\" src=\"http:\/\/amisduchateau.fr\/sacm\/wp-content\/uploads\/2021\/11\/05-Illustration-12-606x1024.jpg\" alt=\"\" class=\"wp-image-2103\"\/><\/figure>\n<\/div>\n\n\n\n<div class=\"wp-block-column is-layout-flow wp-block-column-is-layout-flow\" style=\"flex-basis:66.66%\">\n<p>L\u2019affaire est peu \u00e0 peu confi\u00e9e \u00e0 plusieurs services de police en m\u00eame temps : le service de police judiciaire d\u2019Argenteuil avec le commissaire Revoil, puis la brigade volante du Quai des Orf\u00e8vres avec le commissaire Clot, et enfin la suret\u00e9 nationale avec le commissaire Vieuxch\u00eane et son adjoint, l\u2019inspecteur Borniche, lequel \u00e9crira un livre pour raconter le d\u00e9roulement de l\u2019enqu\u00eate<sup><a href=\"#Notes\">[10]<\/a><\/sup>. (Certains pensent que ce dernier a certainement exag\u00e9r\u00e9 l\u2019importance de sa participation personnelle dans les investigations qui ont permis de d\u00e9couvrir les coupables).<\/p>\n\n\n\n<p>Sans aller jusqu\u2019\u00e0 parler de guerre des polices, on peut affirmer qu\u2019il y a eu comp\u00e9tition entre les diff\u00e9rents services charg\u00e9s de l\u2019enqu\u00eate.<\/p>\n\n\n\n<p>Plusieurs services travaillent donc en m\u00eame temps sur cette affaire et pourtant il faudra plusieurs ann\u00e9es pour retrouver les auteurs du cambriolage. Les journalistes ne cessent de critiquer la police qui, selon eux, n\u2019avance pas. <\/p>\n<\/div>\n<\/div>\n\n\n\n<p>La police recherche les restaurants et cabarets fr\u00e9quent\u00e9s par la M\u00f4me Moineau dans la p\u00e9riode qui a pr\u00e9c\u00e9d\u00e9 le cambriolage, compte tenu de sa mauvaise habitude d\u2019exposer ses bijoux dans toutes ses sorties nocturnes \u00e0 Paris. D\u2019autant plus qu\u2019elle avait toujours cette tendance, comme une nostalgie de son pass\u00e9, \u00e0 aller s\u2019encanailler dans des \u00e9tablissements mal fr\u00e9quent\u00e9s \u00e0 Montmartre ou \u00e0 Pigalle.<\/p>\n\n\n\n<p>Les recherches ont \u00e9t\u00e9 longues et minutieuses. Elles ont port\u00e9 sur un certain nombre de personnages fr\u00e9quentant r\u00e9guli\u00e8rement des cabarets louches de Pigalle.<\/p>\n\n\n\n<p>Dix-huit mois apr\u00e8s le vol, la police pense enfin avoir identifi\u00e9 au moins l\u2019un des auteurs du cambriolage : un certain \u00c9douard Voss, surnomm\u00e9 le baron, voyou bien connu dans le quartier de Pigalle, qui a d\u00e9j\u00e0 purg\u00e9 plusieurs peines de prison. Il se trouve que celui-ci vient d\u2019\u00eatre surpris r\u00e9cemment en flagrant d\u00e9lit pour une nouvelle tentative de cambriolage. Il \u00e9tait en train de fracturer la porte d\u2019un appartement \u00e0 Paris. Il est arr\u00eat\u00e9 et incarc\u00e9r\u00e9. Le commissaire Clot du Quai des Orf\u00e8vres, n\u2019ayant qu\u2019une suspicion \u00e0 l\u2019\u00e9gard de cet individu, mais pas de v\u00e9ritable preuve pour le confondre, d\u00e9cide d\u2019attendre pour l\u2019interroger et d\u2019user d\u2019un stratag\u00e8me pour le faire parler. C\u2019est ainsi que, dans la cellule de la prison o\u00f9 il est incarc\u00e9r\u00e9, on a plac\u00e9 un cod\u00e9tenu qui est en r\u00e9alit\u00e9 un faux d\u00e9tenu travaillant pour la police. Au bout de plusieurs semaines de cohabitation, celui-ci va gagner la confiance de Voss qui finira par se vanter d\u2019avoir auparavant r\u00e9ussi un \u00ab gros coup \u00bb et qui finalement lui r\u00e9v\u00e9lera sa participation au vol des bijoux de la M\u00f4me Moineau.<\/p>\n\n\n\n<p>L\u2019enqu\u00eate a permis aussi d\u2019\u00e9tablir que \u00c9douard Voss \u00e9tait, au moment des faits, tr\u00e8s proche d\u2019un certain Raymond Marcelle appel\u00e9 : Raymond le beau torse, autre voyou r\u00e9cidiviste des quartiers nord de Paris. Il faudra encore du temps pour le retrouver. La police, n\u2019y parvenant pas, eut finalement l\u2019id\u00e9e de rechercher celle qui \u00e9tait sa compagne au moment des faits, une certaine Marie Cattin. L\u2019inspecteur Borniche a pu lui-m\u00eame la retrouver dans le Sud de la France. Elle finira par donner les informations qui permettront de retrouver et d\u2019arr\u00eater son ami Raymond Marcelle.<\/p>\n\n\n\n<p>\u00c9douard Voss et Raymond Marcelle, tous deux interrog\u00e9s, reconnaissent \u00eatre les auteurs du cambriolage de Maisons-Laffitte. Marie Cattin, \u00e9galement interrog\u00e9e, reconna\u00eet s\u2019\u00eatre charg\u00e9e du recel des bijoux vol\u00e9s.<\/p>\n\n\n\n<p>Les deux auteurs, Voss et Marcelle, interrog\u00e9s sur ce qu\u2019ils ont fait du butin du cambriolage ont eu cette r\u00e9ponse identique :<\/p>\n\n\n\n<p><em>On a tout d\u00e9pens\u00e9 : les casinos, les parties de poker, les paris sur les champs de courses, la f\u00eate, les femmes\u2026 Il ne reste rien.<\/em><\/p>\n\n\n\n<p>(Seule, Marie Cattin, leur complice, avait su placer son argent en faisant l\u2019acquisition d\u2019un magasin de bonneterie, d\u2019une villa et d\u2019une Jaguar.)<\/p>\n\n\n\n<p><em>Ce n\u2019est pas possible,<\/em> r\u00e9torquent les enqu\u00eateurs<em>, il y en avait pour 85 millions de francs. Vous n\u2019avez pas pu tout d\u00e9penser<\/em>.<\/p>\n\n\n\n<p>Voss et Marcelle leur ont fait la m\u00eame r\u00e9ponse : <em>Il y en avait \u00e0 peine pour 30 millions.<\/em><\/p>\n\n\n\n<p>Si les deux hommes disent vrai, comment expliquer une si grande diff\u00e9rence ?<\/p>\n\n\n\n<p>Il est vrai que des bijoux vol\u00e9s se revendent rarement \u00e0 leur juste prix. Mais dans ce cas la diff\u00e9rence est \u00e9norme. Alors Voss et Marcelle, interrog\u00e9s encore l\u2019un apr\u00e8s l\u2019autre sur la raison de cette diff\u00e9rence, vont donner aux enqu\u00eateurs la m\u00eame explication : le sac contenant l\u2019argent et les bijoux \u00e9tait d\u00e9cousu et, comme celui-ci avait \u00e9t\u00e9 transport\u00e9 sur le porte-bagages d\u2019une mobylette, une partie importante de son contenu a \u00e9t\u00e9 perdue en cours de route.<\/p>\n\n\n\n<p>L\u2019explication est surprenante. On peut se demander comment des escrocs aussi chevronn\u00e9s ont pu agir ainsi avec une telle l\u00e9g\u00e8ret\u00e9, comme des d\u00e9butants, en utilisant un sac perc\u00e9 pour transporter un butin d\u2019une valeur si importante sur une mobylette.<\/p>\n\n\n\n<h2 class=\"wp-block-heading\">IV. Le proc\u00e8s<\/h2>\n\n\n\n<p>Le proc\u00e8s des auteurs du cambriolage, Raymond Marcelle, \u00c9douard Voss et de leur complice charg\u00e9e du recel, Marie Cattin, s\u2019est d\u00e9roul\u00e9 le 26 mars 1952 \u00e0 Versailles devant la 2e chambre du tribunal correctionnel, l\u2019audience \u00e9tant pr\u00e9sid\u00e9e par le pr\u00e9sident Fiffer.<\/p>\n\n\n\n<p>Le proc\u00e8s intervient tardivement par rapport \u00e0 la date des faits, mais l\u2019enqu\u00eate a dur\u00e9 plusieurs ann\u00e9es. Mme Benitez-Reixach est pr\u00e9sente en qualit\u00e9 de partie civile pour obtenir r\u00e9paration du pr\u00e9judice qu\u2019elle a subi du fait du cambriolage et du vol de son argent et de ses bijoux. Elle est v\u00eatue d\u2019un pantalon noir et d\u2019un manteau gris clair. Elle porte sur la t\u00eate une casquette bleu-marine. Son arriv\u00e9e est tr\u00e8s remarqu\u00e9e. Elle se pr\u00eate en souriant au mitraillage des photographes, elle para\u00eet assez heureuse de ce regain de c\u00e9l\u00e9brit\u00e9. Le public et les journalistes voient surtout en elle l\u2019ancienne artiste de music-hall, la M\u00f4me Moineau, plut\u00f4t que Mme Benitez-Reixach. Son avocat, ma\u00eetre Marcel Marchepoil, r\u00e9clame 100 millions de francs de dommages et int\u00e9r\u00eats pour le pr\u00e9judice subi par sa cliente.<\/p>\n\n\n\n<div class=\"wp-block-columns is-layout-flex wp-container-core-columns-is-layout-9d6595d7 wp-block-columns-is-layout-flex\">\n<div class=\"wp-block-column is-vertically-aligned-top is-layout-flow wp-block-column-is-layout-flow\" style=\"flex-basis:55%\">\n<div class=\"wp-block-image\"><figure class=\"aligncenter size-large is-resized\"><img loading=\"lazy\" decoding=\"async\" src=\"http:\/\/amisduchateau.fr\/sacm\/wp-content\/uploads\/2021\/11\/05-Illustration-13-2-580x1024.jpg\" alt=\"\" class=\"wp-image-2115\" width=\"426\" height=\"751\"\/><figcaption>FRANCE &#8211; MAY 26:  The Mome Moineau At The Trial Of His Burglars In 1952  (Photo by Keystone-France\/Gamma-Keystone via Getty Images)<\/figcaption><\/figure><\/div>\n<\/div>\n\n\n\n<div class=\"wp-block-column is-vertically-aligned-top is-layout-flow wp-block-column-is-layout-flow\">\n<div class=\"wp-block-image\"><figure class=\"aligncenter size-large is-resized\"><img loading=\"lazy\" decoding=\"async\" src=\"http:\/\/amisduchateau.fr\/sacm\/wp-content\/uploads\/2021\/11\/05-Illustration-14-469x1024.jpg\" alt=\"\" class=\"wp-image-2108\" width=\"369\" height=\"807\"\/><\/figure><\/div>\n<\/div>\n<\/div>\n\n\n\n<a name=\"Retour11\"><\/a>\n\n\n\n<p>Lorsque le pr\u00e9sident donne la parole \u00e0 Mme Benitez-Reixach, celle-ci s\u2019exprime avec la libert\u00e9 de langage et le franc-parler qui la caract\u00e9risent. Elle en profite pour s\u2019adresser aux deux escrocs en ces termes<sup><a href=\"#Notes\">[11]<\/a><\/sup> :<\/p>\n\n\n\n<p><em>Vous \u00eates de dr\u00f4les de cons ! Vous auriez mieux fait de laisser les bijoux et l\u2019argent o\u00f9 ils \u00e9taient, \u00e7a vous aurait \u00e9vit\u00e9 de les semer en route.<\/em><\/p>\n\n\n\n<p>Puis s\u2019adressant directement \u00e0 \u00c9douard Voss :<\/p>\n\n\n\n<p><em>Toi, par exemple, qu\u2019est-ce que tu comptes faire pour me rendre mon fric ? Va falloir que tu travailles pour \u00e7a\u2026 s\u2019il le faut j\u2019vais te prendre \u00e0 mon service\u2026 j\u2019vais t\u2019en faire baver mon biquet\u2026<\/em><\/p>\n\n\n\n<p>Le public ne peut s\u2019emp\u00eacher de rire. Le pr\u00e9sident Fiffer s\u2019efforce de maintenir malgr\u00e9 tout un peu de solennit\u00e9 dans le d\u00e9roulement de l\u2019audience.<\/p>\n\n\n\n<p>Lorsque le pr\u00e9sident demande \u00e0 \u00c9douard Voss :<\/p>\n\n\n\n<p><em>Qu\u2019avez-vous fait de tous ces millions ?<\/em><\/p>\n\n\n\n<p>Ce dernier lui r\u00e9pond :<\/p>\n\n\n\n<p><em>Monsieur le Pr\u00e9sident, vous savez, je suis assez connu sur les champs de courses\u2026 et puis j\u2019ai aussi tout d\u00e9pens\u00e9 dans les casinos\u2026 vous ne pouvez pas savoir, Monsieur le Pr\u00e9sident, \u00e0 quel point l\u2019argent file avec une rapidit\u00e9 incroyable.<\/em><\/p>\n\n\n\n<p>Le pr\u00e9sident finira par dire :<\/p>\n\n\n\n<p><em>Allons bon ! c\u2019est au moins \u00e7a : l\u2019argent se retrouve dans les caisses de l\u2019\u00c9tat.<\/em><\/p>\n\n\n\n<p><em>Sauf que c\u2019est mon argent<\/em>, lui r\u00e9torque Mme Benitez-Reixach.<\/p>\n\n\n\n<p>Les r\u00e9parties de Mme Benitez-Reixach, la m\u00f4me Moineau, ont donn\u00e9 par moment \u00e0 ce proc\u00e8s un c\u00f4t\u00e9 un peu comique inhabituel dans un tel lieu. Il a sembl\u00e9 aux journalistes que loin d\u2019accabler ses voleurs, la plaignante prenait les choses avec philosophie et avec bonne humeur.<\/p>\n\n\n\n<p><strong>La M\u00f4me Moineau est venue t\u00e9moigner dans la bonne humeur<\/strong> titrera un journal le lendemain du proc\u00e8s.<\/p>\n\n\n\n<p>Les deux hommes accus\u00e9s, \u00c9douard Voss et Raymond Marcelle, ont \u00e9t\u00e9 reconnus coupables et condamn\u00e9s chacun \u00e0 trois ans de prison ferme. Marie Cattin, coupable de recel, a \u00e9t\u00e9 condamn\u00e9e \u00e0 dix mois de prison avec sursis. Le tribunal correctionnel a condamn\u00e9 en outre solidairement les trois complices \u00e0 80 millions de francs de restitution. D\u00e9cision purement formelle. L\u2019essentiel de cette somme ne sera en fait jamais rembours\u00e9.<\/p>\n\n\n\n<div class=\"wp-block-image\"><figure class=\"aligncenter size-full is-resized\"><img loading=\"lazy\" decoding=\"async\" src=\"http:\/\/amisduchateau.fr\/sacm\/wp-content\/uploads\/2021\/11\/05-Illustration-15.jpg\" alt=\"\" class=\"wp-image-2110\" width=\"550\" height=\"503\"\/><\/figure><\/div>\n\n\n\n<div class=\"wp-block-image\"><figure class=\"aligncenter size-full is-resized\"><img loading=\"lazy\" decoding=\"async\" src=\"http:\/\/amisduchateau.fr\/sacm\/wp-content\/uploads\/2021\/11\/05-Illustration-16.jpg\" alt=\"\" class=\"wp-image-2113\" width=\"447\" height=\"562\"\/><\/figure><\/div>\n\n\n\n<h2 class=\"wp-block-heading\">V. La solution du myst\u00e8re<\/h2>\n\n\n\n<p>L\u2019affaire avait \u00e9t\u00e9 jug\u00e9e, mais la relation des conditions du cambriolage par ses auteurs n\u2019\u00e9tait pas tout \u00e0 fait convaincante. L\u2019\u00e9norme diff\u00e9rence entre le montant du pr\u00e9judice et le montant du butin des voleurs restait un sujet d\u2019interrogation. L\u2019explication donn\u00e9e, selon laquelle une partie du butin aurait \u00e9t\u00e9 perdue parce que celui-ci avait \u00e9t\u00e9 transport\u00e9 dans un sac d\u00e9cousu, plac\u00e9 sur le porte-bagages d\u2019une mobylette, n\u2019apparaissait pas vraiment satisfaisante et laissait subsister un doute.<\/p>\n\n\n\n<p>Malgr\u00e9 la condamnation des auteurs du cambriolage, l\u2019affaire des bijoux de la M\u00f4me Moineau conservait donc un c\u00f4t\u00e9 \u00e9nigmatique. En fait il y avait un secret autour de cette affaire ; un secret qui ne sera r\u00e9v\u00e9l\u00e9 que beaucoup plus tard.<br>Par un beau jour du mois de mai 1960, la M\u00f4me Moineau se prom\u00e8ne au march\u00e9 aux puces, porte de Clignancourt \u00e0 Paris. Elle est accompagn\u00e9e de sa secr\u00e9taire, madame Laure. En passant devant l\u2019\u00e9tal d\u2019un antiquaire du march\u00e9 Biron, l\u2019attention de madame Laure se trouve attir\u00e9e par un coffret surmont\u00e9 d\u2019un moineau en or.<\/p>\n\n\n\n<p><em>Mais c\u2019est votre coffret ! Celui qui vous a \u00e9t\u00e9 vol\u00e9. Je le reconnais, <\/em>dit-elle.<\/p>\n\n\n\n<p><em>Non pas du tout r\u00e9torque fermement la M\u00f4me Moineau. Le mien \u00e9tait plus petit <\/em>ajoute-t-elle.<\/p>\n\n\n\n<p><em>Mais si, je vous assure, j\u2019ai vu que la queue de l\u2019oiseau \u00e9tait l\u00e9g\u00e8rement \u00e9br\u00e9ch\u00e9e exactement comme le v\u00f4tre, <\/em>lui r\u00e9pond madame Laure.<\/p>\n\n\n\n<a name=\"Retour12\"><\/a>\n\n\n\n<p><em>C\u2019est impossible. Je sais cela mieux que toi. D\u2019ailleurs \u00e0 l\u2019\u00e9poque tu n \u2019\u00e9tais pas encore \u00e0 mon service<\/em><sup><a href=\"#Notes\">[<\/a><\/sup><sup><a href=\"#Notes\">12]<\/a><\/sup> lui lance la M\u00f4me Moineau paraissant se f\u00e2cher.<\/p>\n\n\n\n<p>L\u2019insistance de sa secr\u00e9taire a eu pour effet d\u2019\u00e9nerver la M\u00f4me Moineau comme si celle-ci ne voulait pas reconnaitre qu\u2019il s\u2019agissait bien de son coffret vol\u00e9. Prenant madame Laure par le bras, elle l\u2019entra\u00eene un peu plus loin. Plus jamais la secr\u00e9taire n\u2019osera faire la moindre allusion \u00e0 ce coffret devant la M\u00f4me Moineau.<\/p>\n\n\n\n<div class=\"wp-block-image\"><figure class=\"aligncenter size-full\"><img decoding=\"async\" src=\"http:\/\/amisduchateau.fr\/sacm\/wp-content\/uploads\/2021\/11\/05-Illustration-17.jpg\" alt=\"\" class=\"wp-image-2116\"\/><\/figure><\/div>\n\n\n\n<p>Il faudra attendre la fin de vie de la M\u00f4me Moineau pour que celle-ci l\u00e8ve enfin le myst\u00e8re et r\u00e9v\u00e8le le secret du vol de ses bijoux. C\u2019est \u00e0 l\u2019h\u00f4pital am\u00e9ricain de Neuilly, o\u00f9 elle \u00e9tait soign\u00e9e pour un cancer en phase terminale, qu\u2019un mois avant sa mort, elle raconte la v\u00e9rit\u00e9 \u00e0 sa s\u0153ur N\u00e9nette ; cette v\u00e9rit\u00e9 qu\u2019elle avait tue pendant plus de 20 ans.<\/p>\n\n\n\n<p><em>Je ne pouvais pas te mettre dans la confidence, tu sais bien que tu n\u2019as jamais su garder ta langue <\/em>lui dit-elle. Et elle ajoute : <em>Le secret aurait \u00e9t\u00e9 trop lourd pour toi, tu aurais fini par craquer, surtout avec les flics\u2026 d\u2019ailleurs F\u00e9lix lui-m\u00eame n\u2019est pas au courant.<\/em><\/p>\n\n\n\n<p>En r\u00e9alit\u00e9, la M\u00f4me Moineau connaissait Raymond Marcelle, l\u2019un des auteurs du cambriolage. Elle aurait fait sa connaissance dans un bar lors de l\u2019une de ses escapades nocturnes \u00e0 Paris. Elle l\u2019avait rencontr\u00e9 \u00e0 plusieurs reprises dans le m\u00eame \u00e9tablissement. Et un jour c\u2019est elle-m\u00eame qui lui avait propos\u00e9 le vol de ses propres bijoux. Il n\u2019aurait qu\u2019\u00e0 venir cambrioler sa chambre \u00e0 la Vieille Fontaine o\u00f9 se trouverait un coffret contenant pour 30 millions de francs d\u2019argent et de bijoux. Il pourrait se faire aider d\u2019un complice. La M\u00f4me Moineau d\u00e9clarerait ensuite \u00e0 sa compagnie d\u2019assurances que le pr\u00e9judice s\u2019\u00e9l\u00e8vait \u00e0 85 millions de francs en appuyant sa demande de remboursement sur le dossier (avec photos) \u00e9tabli par son mari.<\/p>\n\n\n\n<p>Il \u00e9tait convenu qu\u2019au cas o\u00f9 Raymond Marcelle et son complice seraient arr\u00eat\u00e9s par la police, ils n\u2019auraient qu\u2019\u00e0 justifier la diff\u00e9rence entre le montant du pr\u00e9judice d\u00e9clar\u00e9 par la victime et le montant du butin r\u00e9cup\u00e9r\u00e9, en racontant qu\u2019une partie importante avait \u00e9t\u00e9 perdue le jour m\u00eame du cambriolage.<\/p>\n\n\n\n<p>La M\u00f4me Moineau a \u00e9t\u00e9 int\u00e9gralement rembours\u00e9e du pr\u00e9judice d\u00e9clar\u00e9 \u00e0 sa compagnie d\u2019assurances, soit 85 millions de francs. Elle n\u2019a parl\u00e9 \u00e0 personne, pas m\u00eame \u00e0 son mari, de cette escroquerie imagin\u00e9e et mise au point par elle-m\u00eame.<\/p>\n\n\n\n<p>La part des bijoux pr\u00e9tendument vol\u00e9s, mais en r\u00e9alit\u00e9 conserv\u00e9s par elle, a \u00e9t\u00e9 soigneusement mise \u00e0 l\u2019abri par ses soins. Elle attendra deux ans avant de les revendre pi\u00e8ce par pi\u00e8ce. Ceux-ci ont \u00e9t\u00e9 revendus \u00e0 d\u2019\u00e9minentes personnalit\u00e9s, notamment \u00e0 Madame Lebrun, \u00e9pouse du pr\u00e9sident de la R\u00e9publique, rencontr\u00e9e lors d\u2019une croisi\u00e8re, \u00e0 la duchesse de Windsor, ex-madame Wallis Simpson, voisine de sa villa Bagatelle \u00e0 Cannes, ainsi qu\u2019\u00e0 l\u2019actrice Rita Hayworth (Mme Ali Khan), voisine de sa villa Carmen \u00e0 Maisons-Laffitte.<\/p>\n\n\n\n<p>Le vol des bijoux de la M\u00f4me Moineau n\u2019\u00e9tait donc qu\u2019une \u00e9norme escroquerie \u00e0 l\u2019assurance dont l\u2019instigatrice n\u2019\u00e9tait autre que la victime elle-m\u00eame. Pourtant Mme Benitez Rexach, l\u2019une des femmes les plus riches du monde, n\u2019avait nul besoin d\u2019argent. Sans doute avait-elle gard\u00e9 en elle quelques habitudes de la petite marchande de fleurs qui n\u2019h\u00e9sitait pas de temps en temps \u00e0 commettre de petits larcins.<\/p>\n\n\n\n<p class=\"has-text-align-center\">*   *   *<\/p>\n\n\n\n<p>La M\u00f4me Moineau est d\u00e9c\u00e9d\u00e9e le 18 janvier 1968 \u00e0 l\u2019h\u00f4pital am\u00e9ricain de Neuilly apr\u00e8s 3 jours de coma. Elle souffrait d\u2019un cancer depuis plus de 20 ans. Son mari F\u00e9lix et sa s\u0153ur N\u00e9nette ont accompagn\u00e9 ses derniers jours. Elle est enterr\u00e9e \u00e0 Porto Rico au cimeti\u00e8re San Juan, en plein c\u0153ur des fortifications d\u2019El Moro.<\/p>\n\n\n\n<figure class=\"wp-block-image size-full\"><img decoding=\"async\" src=\"http:\/\/amisduchateau.fr\/sacm\/wp-content\/uploads\/2021\/11\/05-Illustration-18.jpeg\" alt=\"\" class=\"wp-image-2118\"\/><\/figure>\n\n\n\n<p>F\u00e9lix a voulu faire \u00e9difier un monument fun\u00e9raire, selon son expression \u00ab digne d\u2019elle \u00bb. C\u2019est ainsi qu\u2019il lui a fait construire un mausol\u00e9e en marbre blanc avec quatre colonnes en granit de perles bleues d\u2019Italie, surmont\u00e9 de quatre moineaux en bronze.<\/p>\n\n\n\n<p>F\u00e9lix s\u2019est remari\u00e9 deux ans plus tard avec une jeune femme de 25 ans. Il est mort le 2 novembre 1975, ruin\u00e9 et couvert de dettes. A sa demande il a \u00e9t\u00e9 inhum\u00e9 aupr\u00e8s de la M\u00f4me Moineau.<\/p>\n\n\n\n<p>Sa s\u0153ur N\u00e9nette s\u2019est remari\u00e9e. Elle est d\u00e9c\u00e9d\u00e9e en 1972.<\/p>\n\n\n\n<hr class=\"wp-block-separator is-style-default\"\/>\n\n\n\n<h2 class=\"has-text-align-left wp-block-heading\">Sources utilis\u00e9es<\/h2>\n\n\n\n<ul class=\"wp-block-list\"><li>Michel Ferracci-Porri, La M\u00f4me Moineau, \u00c9ditions Normant. 2006.<\/li><li>Roger Borniche, L\u2019affaire de la M\u00f4me Moineau, \u00c9ditions Grasset. 1986.<\/li><li>Jacques Marec, La villa Carmen et la m\u00f4me Moineau, Bulletin SACM n\u00b0 8 (2013), pages 97 \u00e0 112.<\/li><li>Articles de presse de l\u2019\u00e9poque (France-Soir, Le Parisien lib\u00e9r\u00e9, L\u2019Aurore, Le Figaro, l\u2019Humanit\u00e9, Le Journal de Versailles etc.).<\/li><\/ul>\n\n\n\n<hr class=\"wp-block-separator is-style-default\"\/>\n\n\n\n<div class=\"wp-block-image\"><figure class=\"aligncenter size-full\"><img decoding=\"async\" src=\"http:\/\/amisduchateau.fr\/sacm\/wp-content\/uploads\/2021\/11\/05-Illustration-19-rotated.jpg\" alt=\"\" class=\"wp-image-2120\"\/><figcaption>La m\u00f4me Moineau avec Tino Rossi<\/figcaption><\/figure><\/div>\n\n\n\n<div class=\"wp-block-image\"><figure class=\"aligncenter size-large is-resized\"><img loading=\"lazy\" decoding=\"async\" src=\"http:\/\/amisduchateau.fr\/sacm\/wp-content\/uploads\/2021\/11\/05-Illustration-20-1024x729.jpg\" alt=\"\" class=\"wp-image-2121\" width=\"702\" height=\"500\"\/><figcaption>\u2026 avec Georges Simenon<\/figcaption><\/figure><\/div>\n\n\n\n<div class=\"wp-block-image\"><figure class=\"aligncenter size-full\"><img decoding=\"async\" src=\"http:\/\/amisduchateau.fr\/sacm\/wp-content\/uploads\/2021\/11\/05-Illustration-21-rotated.jpg\" alt=\"\" class=\"wp-image-2122\"\/><figcaption>\u2026 avec Charles Trenet<\/figcaption><\/figure><\/div>\n\n\n\n<div class=\"wp-block-image\"><figure class=\"aligncenter size-full\"><img decoding=\"async\" src=\"http:\/\/amisduchateau.fr\/sacm\/wp-content\/uploads\/2021\/11\/05-Illustration-22.jpg\" alt=\"\" class=\"wp-image-2123\"\/><\/figure><\/div>\n\n\n\n<hr class=\"wp-block-separator is-style-default\"\/>\n\n\n\n<a name=\"Notes\"><\/a>\n\n\n\n<h2 class=\"has-text-align-left wp-block-heading\">Notes<\/h2>\n\n\n\n<ol class=\"wp-block-list\"><li>Ce caf\u00e9 sera un peu plus tard rebaptis\u00e9 \u00e0 la mode anglaise&nbsp;: \u00ab&nbsp;<em>Le Fouquet\u2019s<\/em>&nbsp;\u00bb. <a href=\"#Retour1\"><em>retour<\/em><\/a><\/li><li>Voir la description de la rencontre&nbsp;: Jacques MAREC, \u00ab&nbsp;<em>La villa Carmen et la m\u00f4me Moineau<\/em>&nbsp;\u00bb, Bulletin SACM n\u00b0 8 (2013), page 103. <a href=\"#Retour2\"><em>retour<\/em><\/a><\/li><li>\u00ab&nbsp;<em>La villa Carmen et la m\u00f4me Moineau<\/em>&nbsp;\u00bb, opus cit\u00e9, page 97 \u00e0 101. <a href=\"#Retour3\"><em>retour<\/em><\/a><\/li><li>On raconte qu\u2019un jour aux \u00c9tats-Unis, au cours d\u2019un d\u00e9jeuner, quelques amis am\u00e9ricains en viennent \u00e0 lui parler de La Fayette. Ce nom n\u2019\u00e9voquait rien d\u2019autre pour elle que les Galeries Lafayette \u00e0 Paris. <a href=\"#Retour4\"><em>retour<\/em><\/a><\/li><li>Michel Ferracci-Pori, <em>La M\u00f4me Moineau<\/em>, Normant \u00c9ditions, 2006 &#8211; p 78. <a href=\"#Retour5\"><em>retour<\/em><\/a><\/li><li>Parmi ceux-ci&nbsp;: Jean Cocteau, Mistinguett, Maurice Chevalier, Foujita, Jean Gabin, Georges Simenon, Sacha Guitry, Yvonne Printemps, Pierre Fresnay, Jean Renoir, Pierre Brasseur, Luis Mariano, Charles Trenet\u2026 <a href=\"#Retour6\"><em>retour<\/em><\/a><\/li><li>Cette somme correspondrait en 2021 \u00e0 environ 5 millions d\u2019euros. <a href=\"#Retour7\"><em>retour<\/em><\/a><\/li><li>Celle-ci s\u2019\u00e9tait mari\u00e9e pendant la guerre. Son mari, un voyou surnomm\u00e9 \u00ab&nbsp;Toutoune&nbsp;\u00bb, avait \u00e9t\u00e9 incarc\u00e9r\u00e9 \u00e0 la prison de Toulon. <a href=\"#Retour8\"><em>retour<\/em><\/a><\/li><li>Le fils de Garcia, le compagnon de la m\u00e8re de la M\u00f4me Moineau. <a href=\"#Retour9\"><em>retour<\/em><\/a><\/li><li><em>L\u2019affaire de la M\u00f4me Moineau<\/em>, par Roger Borniche, \u00c9ditions Grasset. 1986 <a href=\"#Retour10\"><em>retour<\/em><\/a><\/li><li>Compte-rendu du proc\u00e8s dans plusieurs journaux le 27 mars 1952 (France-Soir, Le Parisien, L\u2019Aurore, etc.). <em><a href=\"#Retour11\">retour<\/a><\/em><\/li><li>Madame Laure, en effet, n\u2019entrera au service de la M\u00f4me Moineau qu\u2019apr\u00e8s le vol des bijoux mais, comme secr\u00e9taire, elle connaissait ce coffret qu\u2019elle avait vu en photo dans le dossier destin\u00e9 aux assurances. <em><a href=\"#Retour12\">retour<\/a><\/em><\/li><\/ol>\n","protected":false},"excerpt":{"rendered":"<p>Jacques Marec Un cambriolage survenu le vendredi 5 janvier 1947 \u00e0 Maisons-Laffitte fait la une de tous les journaux. Un journal \u00e0 grand tirage annonce m\u00eame en gros titre : \u00ab LE VOL DU SI\u0400CLE \u00bb. La M\u00f4me Moineau, ancienne artiste de music-hall, devenue apr\u00e8s &hellip; <\/p>\n","protected":false},"author":1,"featured_media":0,"comment_status":"closed","ping_status":"closed","sticky":false,"template":"","format":"standard","meta":{"_vp_format_video_url":"","_vp_image_focal_point":[],"footnotes":""},"categories":[51],"tags":[],"class_list":["post-2090","post","type-post","status-publish","format-standard","hentry","category-bulletin-n16"],"_links":{"self":[{"href":"https:\/\/amisduchateau.fr\/sacm\/wp-json\/wp\/v2\/posts\/2090","targetHints":{"allow":["GET"]}}],"collection":[{"href":"https:\/\/amisduchateau.fr\/sacm\/wp-json\/wp\/v2\/posts"}],"about":[{"href":"https:\/\/amisduchateau.fr\/sacm\/wp-json\/wp\/v2\/types\/post"}],"author":[{"embeddable":true,"href":"https:\/\/amisduchateau.fr\/sacm\/wp-json\/wp\/v2\/users\/1"}],"replies":[{"embeddable":true,"href":"https:\/\/amisduchateau.fr\/sacm\/wp-json\/wp\/v2\/comments?post=2090"}],"version-history":[{"count":27,"href":"https:\/\/amisduchateau.fr\/sacm\/wp-json\/wp\/v2\/posts\/2090\/revisions"}],"predecessor-version":[{"id":2144,"href":"https:\/\/amisduchateau.fr\/sacm\/wp-json\/wp\/v2\/posts\/2090\/revisions\/2144"}],"wp:attachment":[{"href":"https:\/\/amisduchateau.fr\/sacm\/wp-json\/wp\/v2\/media?parent=2090"}],"wp:term":[{"taxonomy":"category","embeddable":true,"href":"https:\/\/amisduchateau.fr\/sacm\/wp-json\/wp\/v2\/categories?post=2090"},{"taxonomy":"post_tag","embeddable":true,"href":"https:\/\/amisduchateau.fr\/sacm\/wp-json\/wp\/v2\/tags?post=2090"}],"curies":[{"name":"wp","href":"https:\/\/api.w.org\/{rel}","templated":true}]}}